{"id":3136,"date":"2016-02-01T11:59:28","date_gmt":"2016-02-01T10:59:28","guid":{"rendered":"http:\/\/registreac.org\/?p=3136"},"modified":"2016-02-26T16:01:59","modified_gmt":"2016-02-26T15:01:59","slug":"jepac","status":"publish","type":"post","link":"https:\/\/registreac.org\/?p=3136","title":{"rendered":"J\u00e9PAC"},"content":{"rendered":"<p>R<span style=\"color: #2096dc;\">\u00e9<\/span>AC, la F\u00e9d\u00e9ration Fran\u00e7aise de Cardiologie, la Facult\u00e9 Ing\u00e9nierie et Management de la Sant\u00e9 (ILIS) et l\u2019Universit\u00e9 de Lille 2, ont d\u00e9cid\u00e9 d\u2019organiser la premi\u00e8re<\/p>\n<blockquote><p>Journ\u00e9e d\u2019\u00e9ducation et de Pr\u00e9vention de l\u2019Arr\u00eat Cardiaque : <strong>J<span style=\"color: #2096dc;\">\u00e9<\/span>PAC<\/strong>.<\/p>\n<p style=\"text-align: center;\"><strong><img decoding=\"async\" loading=\"lazy\" class=\"aligncenter size-full wp-image-3154\" src=\"http:\/\/registreac.org\/wp-content\/uploads\/2016\/02\/logo_Je\u0301PAC.png\" alt=\"logo_Je\u0301PAC\" width=\"275\" height=\"102\" srcset=\"https:\/\/registreac.org\/wp-content\/uploads\/2016\/02\/logo_Je\u0301PAC.png 275w, https:\/\/registreac.org\/wp-content\/uploads\/2016\/02\/logo_Je\u0301PAC-151x56.png 151w\" sizes=\"(max-width: 275px) 100vw, 275px\" \/>Vendredi 18 mars 2016 de 9h \u00e0 16h30 \u00e0 l&#8217;ILIS<\/strong><\/p>\n<\/blockquote>\n<p style=\"text-align: center;\"><em><span style=\"text-decoration: underline;\"><span style=\"font-size: 14pt;\">L&#8217;objectif de la journ\u00e9e est la formation aux gestes qui sauvent. <\/span><\/span><\/em><\/p>\n<p style=\"text-align: justify;\">Cet objectif se d\u00e9compose en trois op\u00e9rations :<\/p>\n<ol style=\"text-align: justify;\">\n<li style=\"text-align: justify;\">&#8220;<strong>Sauve Ton Nounours<\/strong>&#8221; (pour des enfants de 7-9 ans) : pour initier les enfants aux bons r\u00e9flexes et de leur permettre de pratiquer le massage cardiaque sur un nounours.<\/li>\n<li style=\"text-align: justify;\">&#8220;<strong>Sauve Une Vie, Deviens Un H\u00e9ros<\/strong>&#8221; (pour des enfants de de 10-11 ans) : il s\u2019agit ici d\u2019une \u00ab vraie \u00bb formation aux gestes qui sauvent et d&#8217;une sensibilisation \u00e0 la cha\u00eene de survie.<\/li>\n<li style=\"text-align: justify;\">&#8220;<strong>Forme-toi, agis, sauve une vie<\/strong>&#8221; : l\u2019apr\u00e8s-midi (13h30-16h30) est destin\u00e9e aux \u00e9tudiants et aux personnels de l\u2019Universit\u00e9 de Lille 2. Elle sera organis\u00e9e sous la forme d\u2019une <strong>formation de masse<\/strong> permettant en peu de temps de former un grand nombre de personnes. Cette formation est enti\u00e8rement gratuite (inscription n\u00e9cessaire au pr\u00e9alable) et anim\u00e9e par des sp\u00e9cialistes aguerris aux techniques de formation de groupe.<\/li>\n<\/ol>\n<p style=\"text-align: justify;\">Pour ce faire, des classes d&#8217;enfants de l\u2019\u00e9cole primaire &#8220;Jean De La Fontaine&#8221; de la ville de Tourmignies ont \u00e9t\u00e9 convi\u00e9es.<\/p>\n<p style=\"text-align: center;\"><strong><em>Vous \u00eates \u00e9tudiant ou personnel de l&#8217;Universit\u00e9 de Lille 2?<br \/>\n<\/em><\/strong><\/p>\n<p style=\"text-align: center;\"><strong><em>Vous souhaitez vous former aux gestes qui sauvent?<\/em><\/strong><\/p>\n<p style=\"text-align: center;\"><strong><em>N&#8217;attendez plus, et <span style=\"text-decoration: underline;\">inscrivez-vous gratuitement d\u00e8s \u00e0 pr\u00e9sent en ligne<\/span>.<\/em><\/strong><\/p>\n<p style=\"text-align: center;\"><a href=\"http:\/\/registreac.org\/jepac-inscription\" target=\"_blank\">inscrivez-vous ici<\/a><\/p>\n<p>&nbsp;<\/p>\n<p><strong><span style=\"text-decoration: underline; font-size: 14pt;\">Pour les \u00e9tudiants et personnels de l&#8217;Universit\u00e9 de Lille 2<\/span><\/strong><\/p>\n<p><span style=\"font-size: 12pt;\">J<span style=\"color: #2096dc;\">\u00e9<\/span>PAC &#8220;Journ\u00e9e d\u2019\u00e9ducation et de Pr\u00e9vention de l\u2019Arr\u00eat Cardiaque&#8221;<\/span><\/p>\n<p><strong>Formation de masse aux gestes qui sauvent<\/strong><\/p>\n<p><strong>Lieu<\/strong> : ILIS, 42 rue Ambroise Par\u00e9 59120 LOOS<\/p>\n<p><strong>Quand<\/strong> : vendredi 18 mars 2016 \u00e0 partir de 13h30<\/p>\n<p><strong>Inscription (gratuite) en ligne<\/strong> : <a href=\"http:\/\/registreac.org\/jepac-inscription\" target=\"_blank\">cliquez-ici<\/a><\/p>\n<p><strong>Facebook<\/strong> : <a href=\"https:\/\/www.facebook.com\/events\/181376508894344\/\" target=\"_blank\">\u00c9v\u00e9nement J\u00e9PAC<\/a><\/p>\n<p><strong>Contact<\/strong> : communication@registreac.org<br \/>\n<img decoding=\"async\" loading=\"lazy\" class=\"aligncenter size-full wp-image-3157\" src=\"http:\/\/registreac.org\/wp-content\/uploads\/2016\/02\/ReAC_texte.png\" alt=\"ReAC_texte\" width=\"199\" height=\"155\" srcset=\"https:\/\/registreac.org\/wp-content\/uploads\/2016\/02\/ReAC_texte.png 199w, https:\/\/registreac.org\/wp-content\/uploads\/2016\/02\/ReAC_texte-90x70.png 90w\" sizes=\"(max-width: 199px) 100vw, 199px\" \/><br \/>\n<strong><u>Nos partenaires<\/u><\/strong> :<br \/>\n<!--\n<img decoding=\"async\" loading=\"lazy\" src=\"http:\/\/registreac.org\/wp-content\/uploads\/2016\/02\/partenaires1.png\" alt=\"partenaires\" width=\"769\" height=\"557\" class=\"aligncenter size-full wp-image-3199\" srcset=\"https:\/\/registreac.org\/wp-content\/uploads\/2016\/02\/partenaires1.png 769w, https:\/\/registreac.org\/wp-content\/uploads\/2016\/02\/partenaires1-300x217.png 300w, https:\/\/registreac.org\/wp-content\/uploads\/2016\/02\/partenaires1-640x464.png 640w, https:\/\/registreac.org\/wp-content\/uploads\/2016\/02\/partenaires1-97x70.png 97w\" sizes=\"(max-width: 769px) 100vw, 769px\" \/>\n--><\/p>\n<table>\n<tbody>\n<tr>\n<td><a target=\"_blank\" href=\"http:\/\/ilis.univ-lille2.fr\/\"><img decoding=\"async\" class=\"aligncenter size-full wp-image-3165\" src=\"http:\/\/registreac.org\/wp-content\/uploads\/2016\/02\/LogoILIS.png\" alt=\"LogoILIS\" width=\"150\" srcset=\"https:\/\/registreac.org\/wp-content\/uploads\/2016\/02\/LogoILIS.png 81w, https:\/\/registreac.org\/wp-content\/uploads\/2016\/02\/LogoILIS-47x70.png 47w\" sizes=\"(max-width: 81px) 100vw, 81px\" \/><\/a><\/td>\n<td><a target=\"_blank\" href=\"http:\/\/www.fedecardio.org\"><img decoding=\"async\" class=\"size-full wp-image-3161 alignleft\" src=\"http:\/\/registreac.org\/wp-content\/uploads\/2016\/02\/logo-cardio.png\" alt=\"logo cardio\" width=\"150\" srcset=\"https:\/\/registreac.org\/wp-content\/uploads\/2016\/02\/logo-cardio.png 206w, https:\/\/registreac.org\/wp-content\/uploads\/2016\/02\/logo-cardio-147x70.png 147w\" sizes=\"(max-width: 206px) 100vw, 206px\" \/><\/a><\/td>\n<td><a target=\"_blank\" href=\"http:\/\/www.education.gouv.fr\/\"><img decoding=\"async\" class=\"size-full wp-image-3163 alignleft\" src=\"http:\/\/registreac.org\/wp-content\/uploads\/2016\/02\/logo_education.png\" alt=\"logo_education\" width=\"150\" srcset=\"https:\/\/registreac.org\/wp-content\/uploads\/2016\/02\/logo_education.png 128w, https:\/\/registreac.org\/wp-content\/uploads\/2016\/02\/logo_education-61x70.png 61w\" sizes=\"(max-width: 128px) 100vw, 128px\" \/><\/a><\/td>\n<td><a target=\"_blank\" href=\"https:\/\/www.mgen.fr\"><img decoding=\"async\" src=\"http:\/\/registreac.org\/wp-content\/uploads\/2016\/02\/link_MGEN.png\" alt=\"MGEN\" width=\"150\"  class=\"aligncenter size-full wp-image-3202\" srcset=\"https:\/\/registreac.org\/wp-content\/uploads\/2016\/02\/link_MGEN.png 100w, https:\/\/registreac.org\/wp-content\/uploads\/2016\/02\/link_MGEN-70x70.png 70w, https:\/\/registreac.org\/wp-content\/uploads\/2016\/02\/link_MGEN-75x75.png 75w\" sizes=\"(max-width: 100px) 100vw, 100px\" \/><\/a><\/td>\n<\/tr>\n<tr>\n<td><a target=\"_blank\" href=\"http:\/\/www.univ-lille2.fr\"><img decoding=\"async\" class=\"aligncenter size-full wp-image-3166\" src=\"http:\/\/registreac.org\/wp-content\/uploads\/2016\/02\/LogoLille2.png\" alt=\"LogoLille2\" width=\"150\" srcset=\"https:\/\/registreac.org\/wp-content\/uploads\/2016\/02\/LogoLille2.png 177w, https:\/\/registreac.org\/wp-content\/uploads\/2016\/02\/LogoLille2-151x58.png 151w\" sizes=\"(max-width: 177px) 100vw, 177px\" \/><\/a><\/td>\n<td><a target=\"_blank\" href=\"http:\/\/adosen-sante.com\/\"><img decoding=\"async\" src=\"http:\/\/registreac.org\/wp-content\/uploads\/2016\/02\/Logo-ADOSEN-Pr\u00e9vention-sante-MGEN.png\" alt=\"Logo-ADOSEN-Pr\u00e9vention-sante-MGEN\" width=\"150\" class=\"aligncenter size-full wp-image-3203\" srcset=\"https:\/\/registreac.org\/wp-content\/uploads\/2016\/02\/Logo-ADOSEN-Pr\u00e9vention-sante-MGEN.png 1573w, https:\/\/registreac.org\/wp-content\/uploads\/2016\/02\/Logo-ADOSEN-Pr\u00e9vention-sante-MGEN-300x116.png 300w, https:\/\/registreac.org\/wp-content\/uploads\/2016\/02\/Logo-ADOSEN-Pr\u00e9vention-sante-MGEN-1024x395.png 1024w, https:\/\/registreac.org\/wp-content\/uploads\/2016\/02\/Logo-ADOSEN-Pr\u00e9vention-sante-MGEN-640x247.png 640w, https:\/\/registreac.org\/wp-content\/uploads\/2016\/02\/Logo-ADOSEN-Pr\u00e9vention-sante-MGEN-151x58.png 151w\" sizes=\"(max-width: 1573px) 100vw, 1573px\" \/><\/a><\/td>\n<td><a target=\"_blank\" href=\"http:\/\/www.philips.fr\/healthcare\"><img decoding=\"async\" src=\"http:\/\/registreac.org\/wp-content\/uploads\/2016\/02\/GMC_Wordmark_2008_RGB.jpg\" alt=\"Philips\" width=\"150\" class=\"aligncenter size-full wp-image-3204\" srcset=\"https:\/\/registreac.org\/wp-content\/uploads\/2016\/02\/GMC_Wordmark_2008_RGB.jpg 1476w, https:\/\/registreac.org\/wp-content\/uploads\/2016\/02\/GMC_Wordmark_2008_RGB-300x55.jpg 300w, https:\/\/registreac.org\/wp-content\/uploads\/2016\/02\/GMC_Wordmark_2008_RGB-1024x188.jpg 1024w, https:\/\/registreac.org\/wp-content\/uploads\/2016\/02\/GMC_Wordmark_2008_RGB-640x118.jpg 640w, https:\/\/registreac.org\/wp-content\/uploads\/2016\/02\/GMC_Wordmark_2008_RGB-151x28.jpg 151w\" sizes=\"(max-width: 1476px) 100vw, 1476px\" \/><\/a><\/td>\n<td><a target=\"_blank\" href=\"http:\/\/ajila.org\/\"><img decoding=\"async\" src=\"http:\/\/registreac.org\/wp-content\/uploads\/2016\/02\/ajila.png\" alt=\"Ajila\" width=\"150\"  class=\"aligncenter size-full wp-image-3205\" srcset=\"https:\/\/registreac.org\/wp-content\/uploads\/2016\/02\/ajila.png 325w, https:\/\/registreac.org\/wp-content\/uploads\/2016\/02\/ajila-300x132.png 300w, https:\/\/registreac.org\/wp-content\/uploads\/2016\/02\/ajila-151x66.png 151w\" sizes=\"(max-width: 325px) 100vw, 325px\" \/><\/a><\/td>\n<\/tr>\n<tr>\n<td><a target=\"_blank\" href=\"http:\/\/www.associationrmcbfm.fr\/\"><img decoding=\"async\" src=\"http:\/\/registreac.org\/wp-content\/uploads\/2016\/02\/Logo-ARB_HD.jpg\" alt=\"Association RMC BFM\" width=\"150\"  class=\"aligncenter size-full wp-image-3206\" srcset=\"https:\/\/registreac.org\/wp-content\/uploads\/2016\/02\/Logo-ARB_HD.jpg 1417w, https:\/\/registreac.org\/wp-content\/uploads\/2016\/02\/Logo-ARB_HD-150x150.jpg 150w, https:\/\/registreac.org\/wp-content\/uploads\/2016\/02\/Logo-ARB_HD-300x300.jpg 300w, https:\/\/registreac.org\/wp-content\/uploads\/2016\/02\/Logo-ARB_HD-1024x1024.jpg 1024w, https:\/\/registreac.org\/wp-content\/uploads\/2016\/02\/Logo-ARB_HD-640x640.jpg 640w, https:\/\/registreac.org\/wp-content\/uploads\/2016\/02\/Logo-ARB_HD-70x70.jpg 70w, https:\/\/registreac.org\/wp-content\/uploads\/2016\/02\/Logo-ARB_HD-75x75.jpg 75w\" sizes=\"(max-width: 1417px) 100vw, 1417px\" \/><\/a><\/td>\n<td><a target=\"_blank\" href=\"http:\/\/www.croix-rouge.fr\/\"><img decoding=\"async\" src=\"http:\/\/registreac.org\/wp-content\/uploads\/2016\/02\/croix_rouge.png\" alt=\"croix rouge\" width=\"150\" class=\"aligncenter size-full wp-image-3207\" srcset=\"https:\/\/registreac.org\/wp-content\/uploads\/2016\/02\/croix_rouge.png 210w, https:\/\/registreac.org\/wp-content\/uploads\/2016\/02\/croix_rouge-151x62.png 151w\" sizes=\"(max-width: 210px) 100vw, 210px\" \/><\/a><\/td>\n<\/tr>\n<td><\/td>\n<\/tr>\n<tr>\n<td><img decoding=\"async\" src=\"http:\/\/registreac.org\/wp-content\/uploads\/2016\/02\/groupe-1.png\" alt=\"groupe 1\" width=\"150\"  class=\"aligncenter size-full wp-image-3210\" srcset=\"https:\/\/registreac.org\/wp-content\/uploads\/2016\/02\/groupe-1.png 180w, https:\/\/registreac.org\/wp-content\/uploads\/2016\/02\/groupe-1-72x70.png 72w\" sizes=\"(max-width: 180px) 100vw, 180px\" \/><\/td>\n<td><img decoding=\"async\" src=\"http:\/\/registreac.org\/wp-content\/uploads\/2016\/02\/groupe-2.png\" alt=\"groupe 2\" width=\"150\"  class=\"aligncenter size-full wp-image-3211\" srcset=\"https:\/\/registreac.org\/wp-content\/uploads\/2016\/02\/groupe-2.png 256w, https:\/\/registreac.org\/wp-content\/uploads\/2016\/02\/groupe-2-102x70.png 102w\" sizes=\"(max-width: 256px) 100vw, 256px\" \/><\/td>\n<td><img decoding=\"async\" src=\"http:\/\/registreac.org\/wp-content\/uploads\/2016\/02\/3.png\" alt=\"groupe 3\" width=\"150\"  class=\"aligncenter size-full wp-image-3208\" srcset=\"https:\/\/registreac.org\/wp-content\/uploads\/2016\/02\/3.png 670w, https:\/\/registreac.org\/wp-content\/uploads\/2016\/02\/3-300x193.png 300w, https:\/\/registreac.org\/wp-content\/uploads\/2016\/02\/3-640x411.png 640w, https:\/\/registreac.org\/wp-content\/uploads\/2016\/02\/3-109x70.png 109w\" sizes=\"(max-width: 670px) 100vw, 670px\" \/><\/td>\n<td><img decoding=\"async\" src=\"http:\/\/registreac.org\/wp-content\/uploads\/2016\/02\/4.png\" alt=\"groupe 4\" width=\"150\" class=\"aligncenter size-full wp-image-3209\" srcset=\"https:\/\/registreac.org\/wp-content\/uploads\/2016\/02\/4.png 332w, https:\/\/registreac.org\/wp-content\/uploads\/2016\/02\/4-300x144.png 300w, https:\/\/registreac.org\/wp-content\/uploads\/2016\/02\/4-146x70.png 146w\" sizes=\"(max-width: 332px) 100vw, 332px\" \/><\/td>\n<\/tr>\n<\/tbody>\n<\/table>\n","protected":false},"excerpt":{"rendered":"<p>R\u00e9AC, la F\u00e9d\u00e9ration Fran\u00e7aise de Cardiologie, la Facult\u00e9 Ing\u00e9nierie et Management de la Sant\u00e9 (ILIS) et l\u2019Universit\u00e9 de Lille 2, ont d\u00e9cid\u00e9 d\u2019organiser la premi\u00e8re Journ\u00e9e d\u2019\u00e9ducation et de Pr\u00e9vention de l\u2019Arr\u00eat Cardiaque : J\u00e9PAC. Vendredi 18 mars 2016 de 9h \u00e0 16h30 \u00e0 l&#8217;ILIS L&#8217;objectif de la journ\u00e9e est la formation aux gestes qui [&hellip;]<\/p>\n","protected":false},"author":323,"featured_media":0,"comment_status":"closed","ping_status":"open","sticky":false,"template":"","format":"standard","meta":{"footnotes":""},"categories":[45,28],"tags":[],"_links":{"self":[{"href":"https:\/\/registreac.org\/index.php?rest_route=\/wp\/v2\/posts\/3136"}],"collection":[{"href":"https:\/\/registreac.org\/index.php?rest_route=\/wp\/v2\/posts"}],"about":[{"href":"https:\/\/registreac.org\/index.php?rest_route=\/wp\/v2\/types\/post"}],"author":[{"embeddable":true,"href":"https:\/\/registreac.org\/index.php?rest_route=\/wp\/v2\/users\/323"}],"replies":[{"embeddable":true,"href":"https:\/\/registreac.org\/index.php?rest_route=%2Fwp%2Fv2%2Fcomments&post=3136"}],"version-history":[{"count":46,"href":"https:\/\/registreac.org\/index.php?rest_route=\/wp\/v2\/posts\/3136\/revisions"}],"predecessor-version":[{"id":3212,"href":"https:\/\/registreac.org\/index.php?rest_route=\/wp\/v2\/posts\/3136\/revisions\/3212"}],"wp:attachment":[{"href":"https:\/\/registreac.org\/index.php?rest_route=%2Fwp%2Fv2%2Fmedia&parent=3136"}],"wp:term":[{"taxonomy":"category","embeddable":true,"href":"https:\/\/registreac.org\/index.php?rest_route=%2Fwp%2Fv2%2Fcategories&post=3136"},{"taxonomy":"post_tag","embeddable":true,"href":"https:\/\/registreac.org\/index.php?rest_route=%2Fwp%2Fv2%2Ftags&post=3136"}],"curies":[{"name":"wp","href":"https:\/\/api.w.org\/{rel}","templated":true}]}}