{"id":3229,"date":"2016-03-23T10:30:25","date_gmt":"2016-03-23T09:30:25","guid":{"rendered":"http:\/\/registreac.org\/?p=3229"},"modified":"2018-07-06T12:49:48","modified_gmt":"2018-07-06T10:49:48","slug":"articles-sur-la-jepac","status":"publish","type":"post","link":"https:\/\/registreac.org\/?p=3229","title":{"rendered":"Articles sur la J\u00e9PAC"},"content":{"rendered":"<p><a href=\"http:\/\/registreac.org\/wp-content\/uploads\/2015\/09\/logo_Je\u0301PAC_206x77.png\"><img decoding=\"async\" loading=\"lazy\" class=\"aligncenter size-full wp-image-3179\" src=\"http:\/\/registreac.org\/wp-content\/uploads\/2015\/09\/logo_Je\u0301PAC_206x77.png\" alt=\"logo_Je\u0301PAC_206x77\" width=\"206\" height=\"77\" srcset=\"https:\/\/registreac.org\/wp-content\/uploads\/2015\/09\/logo_Je\u0301PAC_206x77.png 206w, https:\/\/registreac.org\/wp-content\/uploads\/2015\/09\/logo_Je\u0301PAC_206x77-151x56.png 151w\" sizes=\"(max-width: 206px) 100vw, 206px\" \/><\/a>La <a href=\"http:\/\/registreac.org\/?p=3136\" target=\"_blank\">J<span style=\"color: #2096dc;\">\u00e9<\/span>PAC<\/a> du 18 mars 2016 a fait parler d&#8217;elle sur plusieurs sites.<\/p>\n<ul>\n<li>Article de notre partenaire la &#8220;F\u00e9d\u00e9ration Fran\u00e7aise de Cardiologie&#8221; en date du 21\/03\/2016<\/li>\n<\/ul>\n<h3 style=\"text-align: center;\"><a href=\"http:\/\/www.fedecardio.org\/sauve-ton-nounours\" target=\"_blank\"><img decoding=\"async\" loading=\"lazy\" class=\"aligncenter wp-image-3161 size-full\" src=\"http:\/\/registreac.org\/wp-content\/uploads\/2016\/02\/logo-cardio.png\" alt=\"logo cardio\" width=\"206\" height=\"98\" srcset=\"https:\/\/registreac.org\/wp-content\/uploads\/2016\/02\/logo-cardio.png 206w, https:\/\/registreac.org\/wp-content\/uploads\/2016\/02\/logo-cardio-147x70.png 147w\" sizes=\"(max-width: 206px) 100vw, 206px\" \/><\/a><span style=\"color: #ff0000;\"><a href=\"http:\/\/www.fedecardio.org\/sauve-ton-nounours\" target=\"_blank\">Sauve ton nounours !<\/a><\/span><\/h3>\n<p><img decoding=\"async\" loading=\"lazy\" class=\"aligncenter size-full wp-image-3236\" src=\"http:\/\/registreac.org\/wp-content\/uploads\/2016\/03\/ffc_nounours.jpg\" alt=\"ffc_nounours\" width=\"500\" height=\"398\" srcset=\"https:\/\/registreac.org\/wp-content\/uploads\/2016\/03\/ffc_nounours.jpg 500w, https:\/\/registreac.org\/wp-content\/uploads\/2016\/03\/ffc_nounours-300x239.jpg 300w, https:\/\/registreac.org\/wp-content\/uploads\/2016\/03\/ffc_nounours-88x70.jpg 88w\" sizes=\"(max-width: 500px) 100vw, 500px\" \/><\/p>\n<p style=\"text-align: center;\"><a href=\"http:\/\/www.fedecardio.org\/sauve-ton-nounours\" target=\"_blank\">Lire l&#8217;article sur le site de la F\u00e9d\u00e9ration Fran\u00e7aise de Cardiologie<\/a><\/p>\n<ul>\n<li>Article de &#8220;La Voix L&#8217;Etudiant&#8221; en date du 22\/03\/2016<\/li>\n<\/ul>\n<h3 style=\"text-align: center;\"><a href=\"http:\/\/www.lavoixletudiant.com\/actus\/67806\/%C2%AB-agis-sauve-une-vie-%C2%BB-les-etudiants-de-l%E2%80%99ilis-sensibilisent-les-jeunes-aux-massages-cardiaques\/\" target=\"_blank\"><img decoding=\"async\" loading=\"lazy\" class=\"aligncenter wp-image-3230 size-full\" src=\"http:\/\/registreac.org\/wp-content\/uploads\/2016\/03\/logo_la_voix_letudiant.jpg\" alt=\"logo_la_voix_letudiant\" width=\"152\" height=\"107\" srcset=\"https:\/\/registreac.org\/wp-content\/uploads\/2016\/03\/logo_la_voix_letudiant.jpg 152w, https:\/\/registreac.org\/wp-content\/uploads\/2016\/03\/logo_la_voix_letudiant-150x107.jpg 150w, https:\/\/registreac.org\/wp-content\/uploads\/2016\/03\/logo_la_voix_letudiant-99x70.jpg 99w\" sizes=\"(max-width: 152px) 100vw, 152px\" \/><\/a><a href=\"http:\/\/www.lavoixletudiant.com\/actus\/67806\/%C2%AB-agis-sauve-une-vie-%C2%BB-les-etudiants-de-l%E2%80%99ilis-sensibilisent-les-jeunes-aux-massages-cardiaques\/\" target=\"_blank\">\u00ab Agis, sauve une vie \u00bb : les \u00e9tudiants de l\u2019ILIS sensibilisent les jeunes aux massages cardiaques<\/a><\/h3>\n<p style=\"text-align: center;\"><img decoding=\"async\" loading=\"lazy\" class=\"aligncenter size-full wp-image-3237\" src=\"http:\/\/registreac.org\/wp-content\/uploads\/2016\/03\/voix_etudiant_\u00e9tudiants-ILIS-massages-cardiaques-550x453.png\" alt=\"voix_etudiant_\u00e9tudiants-ILIS-massages-cardiaques-550x453\" width=\"550\" height=\"453\" srcset=\"https:\/\/registreac.org\/wp-content\/uploads\/2016\/03\/voix_etudiant_\u00e9tudiants-ILIS-massages-cardiaques-550x453.png 550w, https:\/\/registreac.org\/wp-content\/uploads\/2016\/03\/voix_etudiant_\u00e9tudiants-ILIS-massages-cardiaques-550x453-300x247.png 300w, https:\/\/registreac.org\/wp-content\/uploads\/2016\/03\/voix_etudiant_\u00e9tudiants-ILIS-massages-cardiaques-550x453-85x70.png 85w\" sizes=\"(max-width: 550px) 100vw, 550px\" \/><a href=\"http:\/\/www.lavoixletudiant.com\/actus\/67806\/%C2%AB-agis-sauve-une-vie-%C2%BB-les-etudiants-de-l%E2%80%99ilis-sensibilisent-les-jeunes-aux-massages-cardiaques\/\" target=\"_blank\">Lire l&#8217;article sur le site de La Voix L&#8217;Etudiant<\/a><\/p>\n<p><iframe loading=\"lazy\" width=\"1170\" height=\"658\" src=\"https:\/\/www.youtube.com\/embed\/cAvohP3H-dY?feature=oembed\" frameborder=\"0\" allowfullscreen><\/iframe><\/p>\n","protected":false},"excerpt":{"rendered":"<p>La J\u00e9PAC du 18 mars 2016 a fait parler d&#8217;elle sur plusieurs sites. Article de notre partenaire la &#8220;F\u00e9d\u00e9ration Fran\u00e7aise de Cardiologie&#8221; en date du 21\/03\/2016 Sauve ton nounours ! Lire l&#8217;article sur le site de la F\u00e9d\u00e9ration Fran\u00e7aise de Cardiologie Article de &#8220;La Voix L&#8217;Etudiant&#8221; en date du 22\/03\/2016 \u00ab Agis, sauve une vie [&hellip;]<\/p>\n","protected":false},"author":323,"featured_media":0,"comment_status":"closed","ping_status":"open","sticky":false,"template":"","format":"standard","meta":{"footnotes":""},"categories":[30,45],"tags":[],"_links":{"self":[{"href":"https:\/\/registreac.org\/index.php?rest_route=\/wp\/v2\/posts\/3229"}],"collection":[{"href":"https:\/\/registreac.org\/index.php?rest_route=\/wp\/v2\/posts"}],"about":[{"href":"https:\/\/registreac.org\/index.php?rest_route=\/wp\/v2\/types\/post"}],"author":[{"embeddable":true,"href":"https:\/\/registreac.org\/index.php?rest_route=\/wp\/v2\/users\/323"}],"replies":[{"embeddable":true,"href":"https:\/\/registreac.org\/index.php?rest_route=%2Fwp%2Fv2%2Fcomments&post=3229"}],"version-history":[{"count":12,"href":"https:\/\/registreac.org\/index.php?rest_route=\/wp\/v2\/posts\/3229\/revisions"}],"predecessor-version":[{"id":3244,"href":"https:\/\/registreac.org\/index.php?rest_route=\/wp\/v2\/posts\/3229\/revisions\/3244"}],"wp:attachment":[{"href":"https:\/\/registreac.org\/index.php?rest_route=%2Fwp%2Fv2%2Fmedia&parent=3229"}],"wp:term":[{"taxonomy":"category","embeddable":true,"href":"https:\/\/registreac.org\/index.php?rest_route=%2Fwp%2Fv2%2Fcategories&post=3229"},{"taxonomy":"post_tag","embeddable":true,"href":"https:\/\/registreac.org\/index.php?rest_route=%2Fwp%2Fv2%2Ftags&post=3229"}],"curies":[{"name":"wp","href":"https:\/\/api.w.org\/{rel}","templated":true}]}}