{"id":3552,"date":"2016-09-29T10:57:56","date_gmt":"2016-09-29T08:57:56","guid":{"rendered":"http:\/\/registreac.org\/?p=3552"},"modified":"2018-07-06T12:49:41","modified_gmt":"2018-07-06T10:49:41","slug":"interview-dans-valeurs-mutualistes","status":"publish","type":"post","link":"https:\/\/registreac.org\/?p=3552","title":{"rendered":"Interview dans Valeurs Mutualistes"},"content":{"rendered":"<p style=\"text-align: justify;\">Toute l&#8217;\u00e9quipe de R\u00e9AC remercie notre partenaire la MGEN pour l&#8217;interview du pr\u00e9sident de R\u00e9AC, le Pr. Herv\u00e9 Hubert parue dans le magazine des adh\u00e9rents de la MGEN &#8220;Valeurs Mutualistes&#8221;.<\/p>\n<p style=\"text-align: justify;\">Cette interview est parue dans le dernier num\u00e9ro du magazine &#8220;Valeurs Mutualiste&#8221; ( n\u00b0303 de septembre 2016).<\/p>\n<p style=\"text-align: justify;\">Pour les adh\u00e9rents de la MGEN, retrouvez vite l&#8217;int\u00e9gralit\u00e9 de l&#8217;article dans votre magazine.<\/p>\n<p>Pour les autres, rendez-vous sur le site de la MGEN qui a mis en ligne une version audio de l&#8217;article : Ma sant\u00e9 : <a href=\"https:\/\/www.mgen.fr\/le-groupe-mgen\/actualites-et-presse\/nos-publications\/valeurs-mutualistes-version-audio\/\" target=\"_blank\">Trois questions au Pr Herv\u00e9 Hubert (2:22<\/a>)<\/p>\n","protected":false},"excerpt":{"rendered":"<p>Toute l&#8217;\u00e9quipe de R\u00e9AC remercie notre partenaire la MGEN pour l&#8217;interview du pr\u00e9sident de R\u00e9AC, le Pr. Herv\u00e9 Hubert parue dans le magazine des adh\u00e9rents de la MGEN &#8220;Valeurs Mutualistes&#8221;. Cette interview est parue dans le dernier num\u00e9ro du magazine &#8220;Valeurs Mutualiste&#8221; ( n\u00b0303 de septembre 2016). Pour les adh\u00e9rents de la MGEN, retrouvez vite [&hellip;]<\/p>\n","protected":false},"author":323,"featured_media":3561,"comment_status":"closed","ping_status":"open","sticky":false,"template":"","format":"standard","meta":{"footnotes":""},"categories":[1],"tags":[],"_links":{"self":[{"href":"https:\/\/registreac.org\/index.php?rest_route=\/wp\/v2\/posts\/3552"}],"collection":[{"href":"https:\/\/registreac.org\/index.php?rest_route=\/wp\/v2\/posts"}],"about":[{"href":"https:\/\/registreac.org\/index.php?rest_route=\/wp\/v2\/types\/post"}],"author":[{"embeddable":true,"href":"https:\/\/registreac.org\/index.php?rest_route=\/wp\/v2\/users\/323"}],"replies":[{"embeddable":true,"href":"https:\/\/registreac.org\/index.php?rest_route=%2Fwp%2Fv2%2Fcomments&post=3552"}],"version-history":[{"count":7,"href":"https:\/\/registreac.org\/index.php?rest_route=\/wp\/v2\/posts\/3552\/revisions"}],"predecessor-version":[{"id":3559,"href":"https:\/\/registreac.org\/index.php?rest_route=\/wp\/v2\/posts\/3552\/revisions\/3559"}],"wp:featuredmedia":[{"embeddable":true,"href":"https:\/\/registreac.org\/index.php?rest_route=\/wp\/v2\/media\/3561"}],"wp:attachment":[{"href":"https:\/\/registreac.org\/index.php?rest_route=%2Fwp%2Fv2%2Fmedia&parent=3552"}],"wp:term":[{"taxonomy":"category","embeddable":true,"href":"https:\/\/registreac.org\/index.php?rest_route=%2Fwp%2Fv2%2Fcategories&post=3552"},{"taxonomy":"post_tag","embeddable":true,"href":"https:\/\/registreac.org\/index.php?rest_route=%2Fwp%2Fv2%2Ftags&post=3552"}],"curies":[{"name":"wp","href":"https:\/\/api.w.org\/{rel}","templated":true}]}}