{"id":3570,"date":"2016-11-15T08:51:02","date_gmt":"2016-11-15T07:51:02","guid":{"rendered":"http:\/\/registreac.org\/?p=3570"},"modified":"2018-07-06T12:49:40","modified_gmt":"2018-07-06T10:49:40","slug":"cfrc","status":"publish","type":"post","link":"https:\/\/registreac.org\/?p=3570","title":{"rendered":"CFRC &#8211; Forum de l&#8217;Urgence 2016"},"content":{"rendered":"<p><a href=\"http:\/\/www.forumurgence.org\/fr\/\"><img decoding=\"async\" loading=\"lazy\" class=\"alignnone size-full wp-image-3573\" src=\"http:\/\/registreac.org\/wp-content\/uploads\/2016\/11\/fu2016header.jpg\" alt=\"Forum de l'Urgence\" width=\"771\" height=\"241\" srcset=\"https:\/\/registreac.org\/wp-content\/uploads\/2016\/11\/fu2016header.jpg 771w, https:\/\/registreac.org\/wp-content\/uploads\/2016\/11\/fu2016header-300x94.jpg 300w, https:\/\/registreac.org\/wp-content\/uploads\/2016\/11\/fu2016header-768x240.jpg 768w\" sizes=\"(max-width: 771px) 100vw, 771px\" \/><\/a><\/p>\n<p>Le congr\u00e8s de la CFRC (Conseil Fran\u00e7ais de R\u00e9animation Cardio-Pulmonaire) auquel nous participons tous les ans se tiendra \u00e0 Lille (Nord) cette ann\u00e9e.<\/p>\n<p>C&#8217;est donc tout naturellement que nous y participons.<\/p>\n<p>Ce Forum de l&#8217;Urgence qui r\u00e9uni les professionnels de l&#8217;urgence se tiendra \u00e0 Lille Grand Palais.<\/p>\n<p>N&#8217;h\u00e9sitez pas \u00e0 venir rencontrer toute l&#8217;\u00e9quipe R\u00e9AC.<\/p>\n<table style=\"width: 505.5px;\">\n<tbody>\n<tr style=\"height: 15px;\">\n<td style=\"width: 202px; height: 15px;\"><strong>Lieu<\/strong><\/td>\n<td style=\"width: 278.5px; height: 15px;\"><strong>Date<\/strong><\/td>\n<\/tr>\n<tr style=\"height: 98px;\">\n<td style=\"width: 202px; height: 98px;\">Lille Grand Palais<br \/>\n1 Boulevard des Cit\u00e9s Unies<br \/>\n59800 Lille<\/td>\n<td style=\"width: 278.5px; height: 98px;\">Jeudi 7 d\u00e9cembre et vendredi 8 d\u00e9cembre 2016<\/p>\n<p>&nbsp;<\/td>\n<\/tr>\n<\/tbody>\n<\/table>\n","protected":false},"excerpt":{"rendered":"<p>Le congr\u00e8s de la CFRC (Conseil Fran\u00e7ais de R\u00e9animation Cardio-Pulmonaire) auquel nous participons tous les ans se tiendra \u00e0 Lille (Nord) cette ann\u00e9e. C&#8217;est donc tout naturellement que nous y participons. Ce Forum de l&#8217;Urgence qui r\u00e9uni les professionnels de l&#8217;urgence se tiendra \u00e0 Lille Grand Palais. N&#8217;h\u00e9sitez pas \u00e0 venir rencontrer toute l&#8217;\u00e9quipe R\u00e9AC. [&hellip;]<\/p>\n","protected":false},"author":323,"featured_media":3577,"comment_status":"closed","ping_status":"open","sticky":false,"template":"","format":"standard","meta":{"footnotes":""},"categories":[1,35,28],"tags":[],"_links":{"self":[{"href":"https:\/\/registreac.org\/index.php?rest_route=\/wp\/v2\/posts\/3570"}],"collection":[{"href":"https:\/\/registreac.org\/index.php?rest_route=\/wp\/v2\/posts"}],"about":[{"href":"https:\/\/registreac.org\/index.php?rest_route=\/wp\/v2\/types\/post"}],"author":[{"embeddable":true,"href":"https:\/\/registreac.org\/index.php?rest_route=\/wp\/v2\/users\/323"}],"replies":[{"embeddable":true,"href":"https:\/\/registreac.org\/index.php?rest_route=%2Fwp%2Fv2%2Fcomments&post=3570"}],"version-history":[{"count":4,"href":"https:\/\/registreac.org\/index.php?rest_route=\/wp\/v2\/posts\/3570\/revisions"}],"predecessor-version":[{"id":3578,"href":"https:\/\/registreac.org\/index.php?rest_route=\/wp\/v2\/posts\/3570\/revisions\/3578"}],"wp:featuredmedia":[{"embeddable":true,"href":"https:\/\/registreac.org\/index.php?rest_route=\/wp\/v2\/media\/3577"}],"wp:attachment":[{"href":"https:\/\/registreac.org\/index.php?rest_route=%2Fwp%2Fv2%2Fmedia&parent=3570"}],"wp:term":[{"taxonomy":"category","embeddable":true,"href":"https:\/\/registreac.org\/index.php?rest_route=%2Fwp%2Fv2%2Fcategories&post=3570"},{"taxonomy":"post_tag","embeddable":true,"href":"https:\/\/registreac.org\/index.php?rest_route=%2Fwp%2Fv2%2Ftags&post=3570"}],"curies":[{"name":"wp","href":"https:\/\/api.w.org\/{rel}","templated":true}]}}