{"id":3585,"date":"2016-12-20T09:21:33","date_gmt":"2016-12-20T08:21:33","guid":{"rendered":"http:\/\/registreac.org\/?p=3585"},"modified":"2018-07-06T12:49:39","modified_gmt":"2018-07-06T10:49:39","slug":"je-sfc-2017","status":"publish","type":"post","link":"https:\/\/registreac.org\/?p=3585","title":{"rendered":"Journ\u00e9es Europ\u00e9ennes de la Soci\u00e9t\u00e9 Fran\u00e7aise de Cardiologie 2017"},"content":{"rendered":"<p>R<span style=\"color: #2096dc;\">\u00e9<\/span>AC sera pr\u00e9sent aux <strong>J<\/strong>ourn\u00e9es <strong>E<\/strong>urop\u00e9ennes de la <strong>S<\/strong>oci\u00e9t\u00e9 <strong>F<\/strong>ran\u00e7aise de <strong>C<\/strong>ardiologie.<\/p>\n<p><a href=\"http:\/\/www.cardio-online.fr\/\" target=\"_blank\"><img decoding=\"async\" loading=\"lazy\" class=\"alignnone wp-image-3591 size-full\" src=\"http:\/\/registreac.org\/wp-content\/uploads\/2016\/12\/JE_SFC.png\" alt=\"journ\u00e9e Europ\u00e9enne de la Soci\u00e9t\u00e9 fran\u00e7aise de Cardiologie\" width=\"270\" height=\"106\" \/><\/a><\/p>\n<p><span style=\"text-decoration: underline;\"><strong>Date<\/strong> <\/span>: du 11 au 14 janvier 2017<\/p>\n<p><span style=\"text-decoration: underline;\"><strong>Lieu<\/strong> <\/span>:<\/p>\n<p>Paris, Palais des Congr\u00e8s<\/p>\n<p>Porte Maillot<\/p>\n<p>&nbsp;<\/p>\n<p><span style=\"text-decoration: underline;\"><strong>Programme concernant R\u00e9AC<\/strong><\/span><\/p>\n<table style=\"width: 1364px;\">\n<tbody>\n<tr style=\"background-color: #ffffff;\">\n<td style=\"width: 355px;\"><span style=\"color: #2096dc;\"><strong>Date<\/strong><\/span><\/td>\n<td style=\"width: 81.2667px;\"><span style=\"color: #2096dc;\"><strong>Salle<\/strong><\/span><\/td>\n<td style=\"width: 890.733px;\"><\/td>\n<\/tr>\n<tr>\n<td style=\"width: 355px; vertical-align: top;\">vendredi 13 janvier 2017<\/td>\n<td style=\"width: 81.2667px; vertical-align: top;\">241<\/td>\n<td style=\"width: 890.733px;\">\n<table>\n<tbody>\n<tr>\n<td>16h00 : <b>Le recueil des donn\u00e9es sur le terrain par le SAMU<\/b><\/p>\n<p><span class=\"intervenant\" style=\"color: #999999;\">Pierre-Yves Gueugniaud<\/span><\/td>\n<\/tr>\n<tr>\n<td>16h20 : <b>L&#8217;\u00e9tat des lieux dans R\u00e9AC, le registre \u00e9lectronique des arr\u00eats cardiaques : des progr\u00e8s ?<\/b><\/p>\n<p><span class=\"intervenant\" style=\"color: #999999;\">Herv\u00e9 Hubert<\/span><\/td>\n<\/tr>\n<\/tbody>\n<\/table>\n<p>&nbsp;<\/p>\n<p>&nbsp;<\/td>\n<\/tr>\n<\/tbody>\n<\/table>\n","protected":false},"excerpt":{"rendered":"<p>R\u00e9AC sera pr\u00e9sent aux Journ\u00e9es Europ\u00e9ennes de la Soci\u00e9t\u00e9 Fran\u00e7aise de Cardiologie. Date : du 11 au 14 janvier 2017 Lieu : Paris, Palais des Congr\u00e8s Porte Maillot &nbsp; Programme concernant R\u00e9AC Date Salle vendredi 13 janvier 2017 241 16h00 : Le recueil des donn\u00e9es sur le terrain par le SAMU Pierre-Yves Gueugniaud 16h20 : [&hellip;]<\/p>\n","protected":false},"author":323,"featured_media":3600,"comment_status":"closed","ping_status":"open","sticky":false,"template":"","format":"standard","meta":{"footnotes":""},"categories":[35,28],"tags":[],"_links":{"self":[{"href":"https:\/\/registreac.org\/index.php?rest_route=\/wp\/v2\/posts\/3585"}],"collection":[{"href":"https:\/\/registreac.org\/index.php?rest_route=\/wp\/v2\/posts"}],"about":[{"href":"https:\/\/registreac.org\/index.php?rest_route=\/wp\/v2\/types\/post"}],"author":[{"embeddable":true,"href":"https:\/\/registreac.org\/index.php?rest_route=\/wp\/v2\/users\/323"}],"replies":[{"embeddable":true,"href":"https:\/\/registreac.org\/index.php?rest_route=%2Fwp%2Fv2%2Fcomments&post=3585"}],"version-history":[{"count":16,"href":"https:\/\/registreac.org\/index.php?rest_route=\/wp\/v2\/posts\/3585\/revisions"}],"predecessor-version":[{"id":3601,"href":"https:\/\/registreac.org\/index.php?rest_route=\/wp\/v2\/posts\/3585\/revisions\/3601"}],"wp:featuredmedia":[{"embeddable":true,"href":"https:\/\/registreac.org\/index.php?rest_route=\/wp\/v2\/media\/3600"}],"wp:attachment":[{"href":"https:\/\/registreac.org\/index.php?rest_route=%2Fwp%2Fv2%2Fmedia&parent=3585"}],"wp:term":[{"taxonomy":"category","embeddable":true,"href":"https:\/\/registreac.org\/index.php?rest_route=%2Fwp%2Fv2%2Fcategories&post=3585"},{"taxonomy":"post_tag","embeddable":true,"href":"https:\/\/registreac.org\/index.php?rest_route=%2Fwp%2Fv2%2Ftags&post=3585"}],"curies":[{"name":"wp","href":"https:\/\/api.w.org\/{rel}","templated":true}]}}