{"id":3688,"date":"2017-03-06T09:02:14","date_gmt":"2017-03-06T08:02:14","guid":{"rendered":"http:\/\/registreac.org\/?p=3688"},"modified":"2018-07-06T12:49:38","modified_gmt":"2018-07-06T10:49:38","slug":"jepac-28-mars-2017","status":"publish","type":"post","link":"https:\/\/registreac.org\/?p=3688","title":{"rendered":"J\u00e9PAC 28 mars 2017"},"content":{"rendered":"<p><img decoding=\"async\" loading=\"lazy\" class=\"alignnone size-full wp-image-3670\" src=\"http:\/\/registreac.org\/wp-content\/uploads\/2017\/02\/jepac.png\" alt=\"\" width=\"281\" height=\"90\" \/><\/p>\n<p>Apr\u00e8s le succ\u00e8s de la <a href=\"http:\/\/registreac.org\/?p=3136\" target=\"_blank\">J\u00e9PAC <\/a>\u00ab\u00a0Journ\u00e9e d\u2019\u00e9ducation et de Pr\u00e9vention de l\u2019Arr\u00eat Cardiaque\u00a0\u00bb en 2016,\u00a0 o\u00f9 46 enfants d&#8217;une \u00e9cole primaire ont \u00e9t\u00e9 form\u00e9s au massage cardiaque, R\u00e9AC organise la J\u00e9PAC 2017.<\/p>\n<p>Cette ann\u00e9e, ce sont deux \u00e9coles primaires du d\u00e9partements du Nord qui vont y participer :<\/p>\n<ul>\n<li>\u00c9cole primaire Adolphe Dutoit \u00e0 Seclin : 82 \u00e9l\u00e8ves<\/li>\n<li>\u00c9cole primaire Jules Ferry \u00e0 Wahagnies : 104 \u00e9l\u00e8ves<\/li>\n<\/ul>\n<p>Cette formation aura lieu le mardi 28 mars 2017 \u00e0 l&#8217;<a href=\"http:\/\/ilis.univ-lille2.fr\" target=\"_blank\">ILIS<\/a>.<\/p>\n<p>Durant cette formation les enfants recevront une formation selon leurs niveaux :<\/p>\n<ul>\n<li>pour les \u00e9l\u00e8ves de CE1\/CE2\n<ul>\n<li>initiation aux bons r\u00e9flexes<\/li>\n<li>leur permettre de pratiquer le massage cardiaque<\/li>\n<\/ul>\n<\/li>\n<li>pour les \u00e9l\u00e8ves de CM1\/CM2\n<ul>\n<li>formation aux gestes qui sauvent<\/li>\n<li>sensibilisation \u00e0 la cha\u00eene de survie<\/li>\n<\/ul>\n<\/li>\n<\/ul>\n<p>Bien entendu cette formation aux enfants ne pourrait pas \u00eatre possible sans nos partenaires que nous remercions.<\/p>\n<p><a href=\"http:\/\/www.education.gouv.fr\/\" target=\"_blank\"><img decoding=\"async\" loading=\"lazy\" class=\"alignnone wp-image-3664 size-full\" src=\"http:\/\/registreac.org\/wp-content\/uploads\/2017\/02\/education_nationale_400x121.jpg\" alt=\"\u00c9ducation Nationale\" width=\"400\" height=\"121\" srcset=\"https:\/\/registreac.org\/wp-content\/uploads\/2017\/02\/education_nationale_400x121.jpg 400w, https:\/\/registreac.org\/wp-content\/uploads\/2017\/02\/education_nationale_400x121-300x91.jpg 300w\" sizes=\"(max-width: 400px) 100vw, 400px\" \/><\/a><a href=\"https:\/\/www.fedecardio.org\/\" target=\"_blank\"><img decoding=\"async\" loading=\"lazy\" class=\"alignnone wp-image-3659 size-full\" src=\"http:\/\/registreac.org\/wp-content\/uploads\/2017\/02\/FFC_213x123-1.png\" alt=\"F\u00e9d\u00e9ration Fran\u00e7aise de Cardiologie\" width=\"213\" height=\"123\" \/><\/a><a href=\"https:\/\/www.mgen.fr\" target=\"_blank\"><img decoding=\"async\" loading=\"lazy\" class=\"alignnone wp-image-3165 size-full\" src=\"http:\/\/registreac.org\/wp-content\/uploads\/2016\/02\/LogoILIS.png\" width=\"81\" height=\"120\" srcset=\"https:\/\/registreac.org\/wp-content\/uploads\/2016\/02\/LogoILIS.png 81w, https:\/\/registreac.org\/wp-content\/uploads\/2016\/02\/LogoILIS-47x70.png 47w\" sizes=\"(max-width: 81px) 100vw, 81px\" \/><img decoding=\"async\" loading=\"lazy\" class=\"alignnone wp-image-3202 size-full\" src=\"http:\/\/registreac.org\/wp-content\/uploads\/2016\/02\/link_MGEN.png\" alt=\"MGEN\" width=\"100\" height=\"100\" srcset=\"https:\/\/registreac.org\/wp-content\/uploads\/2016\/02\/link_MGEN.png 100w, https:\/\/registreac.org\/wp-content\/uploads\/2016\/02\/link_MGEN-70x70.png 70w, https:\/\/registreac.org\/wp-content\/uploads\/2016\/02\/link_MGEN-75x75.png 75w\" sizes=\"(max-width: 100px) 100vw, 100px\" \/><\/a><\/p>\n<p><strong>\u00a0Lieu<\/strong> : ILIS, 42 rue Ambroise Par\u00e9 59120 LOOS<\/p>\n","protected":false},"excerpt":{"rendered":"<p>Apr\u00e8s le succ\u00e8s de la J\u00e9PAC \u00ab\u00a0Journ\u00e9e d\u2019\u00e9ducation et de Pr\u00e9vention de l\u2019Arr\u00eat Cardiaque\u00a0\u00bb en 2016,\u00a0 o\u00f9 46 enfants d&#8217;une \u00e9cole primaire ont \u00e9t\u00e9 form\u00e9s au massage cardiaque, R\u00e9AC organise la J\u00e9PAC 2017. Cette ann\u00e9e, ce sont deux \u00e9coles primaires du d\u00e9partements du Nord qui vont y participer : \u00c9cole primaire Adolphe Dutoit \u00e0 Seclin [&hellip;]<\/p>\n","protected":false},"author":323,"featured_media":3677,"comment_status":"closed","ping_status":"open","sticky":false,"template":"","format":"standard","meta":{"footnotes":""},"categories":[45,28],"tags":[],"_links":{"self":[{"href":"https:\/\/registreac.org\/index.php?rest_route=\/wp\/v2\/posts\/3688"}],"collection":[{"href":"https:\/\/registreac.org\/index.php?rest_route=\/wp\/v2\/posts"}],"about":[{"href":"https:\/\/registreac.org\/index.php?rest_route=\/wp\/v2\/types\/post"}],"author":[{"embeddable":true,"href":"https:\/\/registreac.org\/index.php?rest_route=\/wp\/v2\/users\/323"}],"replies":[{"embeddable":true,"href":"https:\/\/registreac.org\/index.php?rest_route=%2Fwp%2Fv2%2Fcomments&post=3688"}],"version-history":[{"count":9,"href":"https:\/\/registreac.org\/index.php?rest_route=\/wp\/v2\/posts\/3688\/revisions"}],"predecessor-version":[{"id":3697,"href":"https:\/\/registreac.org\/index.php?rest_route=\/wp\/v2\/posts\/3688\/revisions\/3697"}],"wp:featuredmedia":[{"embeddable":true,"href":"https:\/\/registreac.org\/index.php?rest_route=\/wp\/v2\/media\/3677"}],"wp:attachment":[{"href":"https:\/\/registreac.org\/index.php?rest_route=%2Fwp%2Fv2%2Fmedia&parent=3688"}],"wp:term":[{"taxonomy":"category","embeddable":true,"href":"https:\/\/registreac.org\/index.php?rest_route=%2Fwp%2Fv2%2Fcategories&post=3688"},{"taxonomy":"post_tag","embeddable":true,"href":"https:\/\/registreac.org\/index.php?rest_route=%2Fwp%2Fv2%2Ftags&post=3688"}],"curies":[{"name":"wp","href":"https:\/\/api.w.org\/{rel}","templated":true}]}}