{"id":3701,"date":"2017-03-30T14:00:24","date_gmt":"2017-03-30T12:00:24","guid":{"rendered":"http:\/\/registreac.org\/?p=3701"},"modified":"2018-07-06T12:49:37","modified_gmt":"2018-07-06T10:49:37","slug":"merci-jepac","status":"publish","type":"post","link":"https:\/\/registreac.org\/?p=3701","title":{"rendered":"Merci &#8211; J\u00e9PAC"},"content":{"rendered":"<p><img decoding=\"async\" loading=\"lazy\" class=\"alignnone size-full wp-image-3670\" src=\"http:\/\/registreac.org\/wp-content\/uploads\/2017\/02\/jepac.png\" alt=\"\" width=\"281\" height=\"90\" \/><\/p>\n<p>Merci \u00e0 tous les participants de la J\u00e9PAC du 28 mars 2017 pour cette formidable journ\u00e9e.<\/p>\n<p>Nous remercions tout d&#8217;abord les \u00e9coles d&#8217;\u00eatre venu \u00e0 notre rencontre, que ce soient les enfants, les enseignants des \u00e9coles primaires d&#8217;Adolphe Dutoit (Seclin) et de Jules Ferry (Wahagnies).<\/p>\n<p>Nous remercions aussi tout particuli\u00e8rement Mme Picques inspectrice de la circonscription de Lille3\/Seclin et Mme Delporte conseill\u00e8re p\u00e9dagogique de Lille3\/Seclin pour leur soutien tout au long de cette journ\u00e9e, ainsi que nos partenaires, la F\u00e9d\u00e9ration Fran\u00e7aise de Cardiologie, la MGEN, l&#8217;ILIS, l&#8217;universit\u00e9 Lille droit et sant\u00e9 sans lesquels cette journ\u00e9e n&#8217;aurait pas pu avoir lieu.<\/p>\n\n\t\t<style type=\"text\/css\">\n\t\t\t#gallery-1 {\n\t\t\t\tmargin: auto;\n\t\t\t}\n\t\t\t#gallery-1 .gallery-item {\n\t\t\t\tfloat: left;\n\t\t\t\tmargin-top: 10px;\n\t\t\t\ttext-align: center;\n\t\t\t\twidth: 50%;\n\t\t\t}\n\t\t\t#gallery-1 img {\n\t\t\t\tborder: 2px solid #cfcfcf;\n\t\t\t}\n\t\t\t#gallery-1 .gallery-caption {\n\t\t\t\tmargin-left: 0;\n\t\t\t}\n\t\t\t\/* see gallery_shortcode() in wp-includes\/media.php *\/\n\t\t<\/style>\n\t\t<div id='gallery-1' class='gallery galleryid-3701 gallery-columns-2 gallery-size-full'><dl class='gallery-item'>\n\t\t\t<dt class='gallery-icon landscape'>\n\t\t\t\t<img width=\"742\" height=\"493\" src=\"https:\/\/registreac.org\/wp-content\/uploads\/2017\/03\/IMGP9616_.jpg\" class=\"attachment-full size-full\" alt=\"\" decoding=\"async\" aria-describedby=\"gallery-1-3707\" loading=\"lazy\" srcset=\"https:\/\/registreac.org\/wp-content\/uploads\/2017\/03\/IMGP9616_.jpg 742w, https:\/\/registreac.org\/wp-content\/uploads\/2017\/03\/IMGP9616_-300x199.jpg 300w\" sizes=\"(max-width: 742px) 100vw, 742px\" \/>\n\t\t\t<\/dt>\n\t\t\t\t<dd class='wp-caption-text gallery-caption' id='gallery-1-3707'>\n\t\t\t\tLes \u00e9l\u00e8ves attentifs aux explications du formateur\n\t\t\t\t<\/dd><\/dl><dl class='gallery-item'>\n\t\t\t<dt class='gallery-icon landscape'>\n\t\t\t\t<img width=\"742\" height=\"493\" src=\"https:\/\/registreac.org\/wp-content\/uploads\/2017\/03\/IMGP9615_.jpg\" class=\"attachment-full size-full\" alt=\"\" decoding=\"async\" aria-describedby=\"gallery-1-3706\" loading=\"lazy\" srcset=\"https:\/\/registreac.org\/wp-content\/uploads\/2017\/03\/IMGP9615_.jpg 742w, https:\/\/registreac.org\/wp-content\/uploads\/2017\/03\/IMGP9615_-300x199.jpg 300w\" sizes=\"(max-width: 742px) 100vw, 742px\" \/>\n\t\t\t<\/dt>\n\t\t\t\t<dd class='wp-caption-text gallery-caption' id='gallery-1-3706'>\n\t\t\t\tMassage sur le nounours\n\t\t\t\t<\/dd><\/dl><br style=\"clear: both\" \/><dl class='gallery-item'>\n\t\t\t<dt class='gallery-icon landscape'>\n\t\t\t\t<img width=\"742\" height=\"493\" src=\"https:\/\/registreac.org\/wp-content\/uploads\/2017\/03\/IMGP9565_.jpg\" class=\"attachment-full size-full\" alt=\"\" decoding=\"async\" aria-describedby=\"gallery-1-3703\" loading=\"lazy\" srcset=\"https:\/\/registreac.org\/wp-content\/uploads\/2017\/03\/IMGP9565_.jpg 742w, https:\/\/registreac.org\/wp-content\/uploads\/2017\/03\/IMGP9565_-300x199.jpg 300w\" sizes=\"(max-width: 742px) 100vw, 742px\" \/>\n\t\t\t<\/dt>\n\t\t\t\t<dd class='wp-caption-text gallery-caption' id='gallery-1-3703'>\n\t\t\t\tMme Baert pr\u00e9sente l&#8217;Arr\u00eat Cardiaque\n\t\t\t\t<\/dd><\/dl><dl class='gallery-item'>\n\t\t\t<dt class='gallery-icon landscape'>\n\t\t\t\t<img width=\"742\" height=\"493\" src=\"https:\/\/registreac.org\/wp-content\/uploads\/2017\/03\/IMGP9644_.jpg\" class=\"attachment-full size-full\" alt=\"\" decoding=\"async\" aria-describedby=\"gallery-1-3709\" loading=\"lazy\" srcset=\"https:\/\/registreac.org\/wp-content\/uploads\/2017\/03\/IMGP9644_.jpg 742w, https:\/\/registreac.org\/wp-content\/uploads\/2017\/03\/IMGP9644_-300x199.jpg 300w\" sizes=\"(max-width: 742px) 100vw, 742px\" \/>\n\t\t\t<\/dt>\n\t\t\t\t<dd class='wp-caption-text gallery-caption' id='gallery-1-3709'>\n\t\t\t\tRemise des dipl\u00f4me par Mme Picques\n\t\t\t\t<\/dd><\/dl><br style=\"clear: both\" \/><dl class='gallery-item'>\n\t\t\t<dt class='gallery-icon landscape'>\n\t\t\t\t<img width=\"742\" height=\"493\" src=\"https:\/\/registreac.org\/wp-content\/uploads\/2017\/03\/IMGP9592_.jpg\" class=\"attachment-full size-full\" alt=\"\" decoding=\"async\" aria-describedby=\"gallery-1-3704\" loading=\"lazy\" srcset=\"https:\/\/registreac.org\/wp-content\/uploads\/2017\/03\/IMGP9592_.jpg 742w, https:\/\/registreac.org\/wp-content\/uploads\/2017\/03\/IMGP9592_-300x199.jpg 300w\" sizes=\"(max-width: 742px) 100vw, 742px\" \/>\n\t\t\t<\/dt>\n\t\t\t\t<dd class='wp-caption-text gallery-caption' id='gallery-1-3704'>\n\t\t\t\tTout le monde \u00e9coute les explications du m\u00e9decin \n\t\t\t\t<\/dd><\/dl><dl class='gallery-item'>\n\t\t\t<dt class='gallery-icon landscape'>\n\t\t\t\t<img width=\"742\" height=\"493\" src=\"https:\/\/registreac.org\/wp-content\/uploads\/2017\/03\/IMGP9551_.jpg\" class=\"attachment-full size-full\" alt=\"\" decoding=\"async\" aria-describedby=\"gallery-1-3702\" loading=\"lazy\" srcset=\"https:\/\/registreac.org\/wp-content\/uploads\/2017\/03\/IMGP9551_.jpg 742w, https:\/\/registreac.org\/wp-content\/uploads\/2017\/03\/IMGP9551_-300x199.jpg 300w\" sizes=\"(max-width: 742px) 100vw, 742px\" \/>\n\t\t\t<\/dt>\n\t\t\t\t<dd class='wp-caption-text gallery-caption' id='gallery-1-3702'>\n\t\t\t\tLes \u00e9l\u00e8ves de l&#8217;\u00e9cole Adolphe Dutoit attentifs\n\t\t\t\t<\/dd><\/dl><br style=\"clear: both\" \/><dl class='gallery-item'>\n\t\t\t<dt class='gallery-icon landscape'>\n\t\t\t\t<img width=\"742\" height=\"493\" src=\"https:\/\/registreac.org\/wp-content\/uploads\/2017\/03\/IMGP9670_.jpg\" class=\"attachment-full size-full\" alt=\"\" decoding=\"async\" aria-describedby=\"gallery-1-3710\" loading=\"lazy\" srcset=\"https:\/\/registreac.org\/wp-content\/uploads\/2017\/03\/IMGP9670_.jpg 742w, https:\/\/registreac.org\/wp-content\/uploads\/2017\/03\/IMGP9670_-300x199.jpg 300w\" sizes=\"(max-width: 742px) 100vw, 742px\" \/>\n\t\t\t<\/dt>\n\t\t\t\t<dd class='wp-caption-text gallery-caption' id='gallery-1-3710'>\n\t\t\t\tLes \u00e9l\u00e8ves de l&#8217;\u00e9cole jules Ferry \u00e9coutent le Pr Hubert\n\t\t\t\t<\/dd><\/dl><dl class='gallery-item'>\n\t\t\t<dt class='gallery-icon landscape'>\n\t\t\t\t<img width=\"742\" height=\"493\" src=\"https:\/\/registreac.org\/wp-content\/uploads\/2017\/03\/IMGP9681_.jpg\" class=\"attachment-full size-full\" alt=\"\" decoding=\"async\" aria-describedby=\"gallery-1-3711\" loading=\"lazy\" srcset=\"https:\/\/registreac.org\/wp-content\/uploads\/2017\/03\/IMGP9681_.jpg 742w, https:\/\/registreac.org\/wp-content\/uploads\/2017\/03\/IMGP9681_-300x199.jpg 300w\" sizes=\"(max-width: 742px) 100vw, 742px\" \/>\n\t\t\t<\/dt>\n\t\t\t\t<dd class='wp-caption-text gallery-caption' id='gallery-1-3711'>\n\t\t\t\tLes \u00e9l\u00e8ves de l&#8217;\u00e9cole Jules Ferry r\u00e9pondent au quizz\n\t\t\t\t<\/dd><\/dl><br style=\"clear: both\" \/><dl class='gallery-item'>\n\t\t\t<dt class='gallery-icon landscape'>\n\t\t\t\t<img width=\"634\" height=\"485\" src=\"https:\/\/registreac.org\/wp-content\/uploads\/2017\/03\/IMGP9596_-1.jpg\" class=\"attachment-full size-full\" alt=\"\" decoding=\"async\" aria-describedby=\"gallery-1-3712\" loading=\"lazy\" srcset=\"https:\/\/registreac.org\/wp-content\/uploads\/2017\/03\/IMGP9596_-1.jpg 634w, https:\/\/registreac.org\/wp-content\/uploads\/2017\/03\/IMGP9596_-1-300x229.jpg 300w\" sizes=\"(max-width: 634px) 100vw, 634px\" \/>\n\t\t\t<\/dt>\n\t\t\t\t<dd class='wp-caption-text gallery-caption' id='gallery-1-3712'>\n\t\t\t\tOn v\u00e9rifie que le nounours ne respire plus\n\t\t\t\t<\/dd><\/dl><dl class='gallery-item'>\n\t\t\t<dt class='gallery-icon landscape'>\n\t\t\t\t<img width=\"742\" height=\"493\" src=\"https:\/\/registreac.org\/wp-content\/uploads\/2017\/03\/IMGP9623_.jpg\" class=\"attachment-full size-full\" alt=\"\" decoding=\"async\" aria-describedby=\"gallery-1-3708\" loading=\"lazy\" srcset=\"https:\/\/registreac.org\/wp-content\/uploads\/2017\/03\/IMGP9623_.jpg 742w, https:\/\/registreac.org\/wp-content\/uploads\/2017\/03\/IMGP9623_-300x199.jpg 300w\" sizes=\"(max-width: 742px) 100vw, 742px\" \/>\n\t\t\t<\/dt>\n\t\t\t\t<dd class='wp-caption-text gallery-caption' id='gallery-1-3708'>\n\t\t\t\tLe Pr Hubert explique le massage cardiaque\n\t\t\t\t<\/dd><\/dl><br style=\"clear: both\" \/>\n\t\t<\/div>\n\n<p>&nbsp;<\/p>\n\n\t\t<style type=\"text\/css\">\n\t\t\t#gallery-2 {\n\t\t\t\tmargin: auto;\n\t\t\t}\n\t\t\t#gallery-2 .gallery-item {\n\t\t\t\tfloat: left;\n\t\t\t\tmargin-top: 10px;\n\t\t\t\ttext-align: center;\n\t\t\t\twidth: 33%;\n\t\t\t}\n\t\t\t#gallery-2 img {\n\t\t\t\tborder: 2px solid #cfcfcf;\n\t\t\t}\n\t\t\t#gallery-2 .gallery-caption {\n\t\t\t\tmargin-left: 0;\n\t\t\t}\n\t\t\t\/* see gallery_shortcode() in wp-includes\/media.php *\/\n\t\t<\/style>\n\t\t<div id='gallery-2' class='gallery galleryid-3701 gallery-columns-3 gallery-size-full'><dl class='gallery-item'>\n\t\t\t<dt class='gallery-icon landscape'>\n\t\t\t\t<img width=\"273\" height=\"171\" src=\"https:\/\/registreac.org\/wp-content\/uploads\/2016\/09\/mgen_2016-09-29.png\" class=\"attachment-full size-full\" alt=\"mgen\" decoding=\"async\" loading=\"lazy\" \/>\n\t\t\t<\/dt><\/dl><dl class='gallery-item'>\n\t\t\t<dt class='gallery-icon landscape'>\n\t\t\t\t<img width=\"213\" height=\"123\" src=\"https:\/\/registreac.org\/wp-content\/uploads\/2017\/02\/FFC_213x123-1.png\" class=\"attachment-full size-full\" alt=\"F\u00e9d\u00e9ration Fran\u00e7aise de Cardiologie\" decoding=\"async\" loading=\"lazy\" \/>\n\t\t\t<\/dt><\/dl><dl class='gallery-item'>\n\t\t\t<dt class='gallery-icon landscape'>\n\t\t\t\t<img width=\"400\" height=\"121\" src=\"https:\/\/registreac.org\/wp-content\/uploads\/2017\/02\/education_nationale_400x121.jpg\" class=\"attachment-full size-full\" alt=\"\u00c9ducation Nationale\" decoding=\"async\" loading=\"lazy\" srcset=\"https:\/\/registreac.org\/wp-content\/uploads\/2017\/02\/education_nationale_400x121.jpg 400w, https:\/\/registreac.org\/wp-content\/uploads\/2017\/02\/education_nationale_400x121-300x91.jpg 300w\" sizes=\"(max-width: 400px) 100vw, 400px\" \/>\n\t\t\t<\/dt><\/dl><br style=\"clear: both\" \/><dl class='gallery-item'>\n\t\t\t<dt class='gallery-icon portrait'>\n\t\t\t\t<img width=\"81\" height=\"120\" src=\"https:\/\/registreac.org\/wp-content\/uploads\/2016\/02\/LogoILIS.png\" class=\"attachment-full size-full\" alt=\"\" decoding=\"async\" loading=\"lazy\" srcset=\"https:\/\/registreac.org\/wp-content\/uploads\/2016\/02\/LogoILIS.png 81w, https:\/\/registreac.org\/wp-content\/uploads\/2016\/02\/LogoILIS-47x70.png 47w\" sizes=\"(max-width: 81px) 100vw, 81px\" \/>\n\t\t\t<\/dt><\/dl><dl class='gallery-item'>\n\t\t\t<dt class='gallery-icon landscape'>\n\t\t\t\t<img width=\"177\" height=\"68\" src=\"https:\/\/registreac.org\/wp-content\/uploads\/2016\/02\/LogoLille2.png\" class=\"attachment-full size-full\" alt=\"\" decoding=\"async\" loading=\"lazy\" srcset=\"https:\/\/registreac.org\/wp-content\/uploads\/2016\/02\/LogoLille2.png 177w, https:\/\/registreac.org\/wp-content\/uploads\/2016\/02\/LogoLille2-151x58.png 151w\" sizes=\"(max-width: 177px) 100vw, 177px\" \/>\n\t\t\t<\/dt><\/dl>\n\t\t\t<br style='clear: both' \/>\n\t\t<\/div>\n\n<p>&nbsp;<\/p>\n<p>&nbsp;<\/p>\n<p>&nbsp;<\/p>\n<pre><\/pre>\n<p>&nbsp;<\/p>\n","protected":false},"excerpt":{"rendered":"<p>Merci \u00e0 tous les participants de la J\u00e9PAC du 28 mars 2017 pour cette formidable journ\u00e9e. Nous remercions tout d&#8217;abord les \u00e9coles d&#8217;\u00eatre venu \u00e0 notre rencontre, que ce soient les enfants, les enseignants des \u00e9coles primaires d&#8217;Adolphe Dutoit (Seclin) et de Jules Ferry (Wahagnies). Nous remercions aussi tout particuli\u00e8rement Mme Picques inspectrice de la [&hellip;]<\/p>\n","protected":false},"author":323,"featured_media":0,"comment_status":"closed","ping_status":"open","sticky":false,"template":"","format":"standard","meta":{"footnotes":""},"categories":[45],"tags":[],"_links":{"self":[{"href":"https:\/\/registreac.org\/index.php?rest_route=\/wp\/v2\/posts\/3701"}],"collection":[{"href":"https:\/\/registreac.org\/index.php?rest_route=\/wp\/v2\/posts"}],"about":[{"href":"https:\/\/registreac.org\/index.php?rest_route=\/wp\/v2\/types\/post"}],"author":[{"embeddable":true,"href":"https:\/\/registreac.org\/index.php?rest_route=\/wp\/v2\/users\/323"}],"replies":[{"embeddable":true,"href":"https:\/\/registreac.org\/index.php?rest_route=%2Fwp%2Fv2%2Fcomments&post=3701"}],"version-history":[{"count":5,"href":"https:\/\/registreac.org\/index.php?rest_route=\/wp\/v2\/posts\/3701\/revisions"}],"predecessor-version":[{"id":3736,"href":"https:\/\/registreac.org\/index.php?rest_route=\/wp\/v2\/posts\/3701\/revisions\/3736"}],"wp:attachment":[{"href":"https:\/\/registreac.org\/index.php?rest_route=%2Fwp%2Fv2%2Fmedia&parent=3701"}],"wp:term":[{"taxonomy":"category","embeddable":true,"href":"https:\/\/registreac.org\/index.php?rest_route=%2Fwp%2Fv2%2Fcategories&post=3701"},{"taxonomy":"post_tag","embeddable":true,"href":"https:\/\/registreac.org\/index.php?rest_route=%2Fwp%2Fv2%2Ftags&post=3701"}],"curies":[{"name":"wp","href":"https:\/\/api.w.org\/{rel}","templated":true}]}}