{"id":3718,"date":"2017-03-31T09:00:42","date_gmt":"2017-03-31T07:00:42","guid":{"rendered":"http:\/\/registreac.org\/?p=3718"},"modified":"2018-07-06T12:49:37","modified_gmt":"2018-07-06T10:49:37","slug":"la-jepac-dans-les-media","status":"publish","type":"post","link":"https:\/\/registreac.org\/?p=3718","title":{"rendered":"La J\u00e9PAC dans les m\u00e9dia"},"content":{"rendered":"<p><img decoding=\"async\" loading=\"lazy\" class=\"alignnone size-full wp-image-3670\" src=\"http:\/\/registreac.org\/wp-content\/uploads\/2017\/02\/jepac.png\" alt=\"\" width=\"281\" height=\"90\" \/><\/p>\n<p>La <a href=\"http:\/\/registreac.org\/?p=3688\">J\u00e9PAC <\/a>du 28 mars 2017 a fait parler d&#8217;elle\u00a0 dans la presse, mais aussi \u00e0 la t\u00e9l\u00e9vision.<\/p>\n<p>Si vous l&#8217;avez rat\u00e9e, vous pouvez retrouver l&#8217;interview ci-dessous.<\/p>\n<table class=\" alignleft\">\n<tbody>\n<tr>\n<td>\n<p><div id=\"attachment_3719\" style=\"width: 296px\" class=\"wp-caption alignnone\"><img aria-describedby=\"caption-attachment-3719\" decoding=\"async\" loading=\"lazy\" class=\"wp-image-3719 size-full\" title=\"Article du mardi 28 mars 2017\" src=\"http:\/\/registreac.org\/wp-content\/uploads\/2017\/03\/aticle_cnew_2017_03_28.png\" width=\"286\" height=\"872\" srcset=\"https:\/\/registreac.org\/wp-content\/uploads\/2017\/03\/aticle_cnew_2017_03_28.png 286w, https:\/\/registreac.org\/wp-content\/uploads\/2017\/03\/aticle_cnew_2017_03_28-98x300.png 98w\" sizes=\"(max-width: 286px) 100vw, 286px\" \/><p id=\"caption-attachment-3719\" class=\"wp-caption-text\">Article de CNEW Matin Lille du mardi 28 mars 2017<\/p><\/div><\/td>\n<td valign=\"top\">Reportage de <strong>Grand Lille TV du lundi 27 mars 2017<\/strong><\/p>\n<p><iframe loading=\"lazy\" width=\"1170\" height=\"658\" src=\"https:\/\/www.youtube.com\/embed\/a4Lm2iE8kPY?feature=oembed\" frameborder=\"0\" allowfullscreen><\/iframe><\/p>\n<p>&nbsp;<\/td>\n<\/tr>\n<\/tbody>\n<\/table>\n<p>&nbsp;<\/p>\n<p>&nbsp;<\/p>\n<p>&nbsp;<\/p>\n","protected":false},"excerpt":{"rendered":"<p>La J\u00e9PAC du 28 mars 2017 a fait parler d&#8217;elle\u00a0 dans la presse, mais aussi \u00e0 la t\u00e9l\u00e9vision. Si vous l&#8217;avez rat\u00e9e, vous pouvez retrouver l&#8217;interview ci-dessous. Reportage de Grand Lille TV du lundi 27 mars 2017 &nbsp; &nbsp; &nbsp; &nbsp;<\/p>\n","protected":false},"author":323,"featured_media":3677,"comment_status":"closed","ping_status":"open","sticky":false,"template":"","format":"standard","meta":{"footnotes":""},"categories":[1,45],"tags":[],"_links":{"self":[{"href":"https:\/\/registreac.org\/index.php?rest_route=\/wp\/v2\/posts\/3718"}],"collection":[{"href":"https:\/\/registreac.org\/index.php?rest_route=\/wp\/v2\/posts"}],"about":[{"href":"https:\/\/registreac.org\/index.php?rest_route=\/wp\/v2\/types\/post"}],"author":[{"embeddable":true,"href":"https:\/\/registreac.org\/index.php?rest_route=\/wp\/v2\/users\/323"}],"replies":[{"embeddable":true,"href":"https:\/\/registreac.org\/index.php?rest_route=%2Fwp%2Fv2%2Fcomments&post=3718"}],"version-history":[{"count":15,"href":"https:\/\/registreac.org\/index.php?rest_route=\/wp\/v2\/posts\/3718\/revisions"}],"predecessor-version":[{"id":3737,"href":"https:\/\/registreac.org\/index.php?rest_route=\/wp\/v2\/posts\/3718\/revisions\/3737"}],"wp:featuredmedia":[{"embeddable":true,"href":"https:\/\/registreac.org\/index.php?rest_route=\/wp\/v2\/media\/3677"}],"wp:attachment":[{"href":"https:\/\/registreac.org\/index.php?rest_route=%2Fwp%2Fv2%2Fmedia&parent=3718"}],"wp:term":[{"taxonomy":"category","embeddable":true,"href":"https:\/\/registreac.org\/index.php?rest_route=%2Fwp%2Fv2%2Fcategories&post=3718"},{"taxonomy":"post_tag","embeddable":true,"href":"https:\/\/registreac.org\/index.php?rest_route=%2Fwp%2Fv2%2Ftags&post=3718"}],"curies":[{"name":"wp","href":"https:\/\/api.w.org\/{rel}","templated":true}]}}