{"id":3837,"date":"2018-05-22T14:37:00","date_gmt":"2018-05-22T12:37:00","guid":{"rendered":"http:\/\/registreac.org\/?p=3837"},"modified":"2018-07-06T12:49:34","modified_gmt":"2018-07-06T10:49:34","slug":"urgences-2018","status":"publish","type":"post","link":"https:\/\/registreac.org\/?p=3837","title":{"rendered":"Urgences 2018"},"content":{"rendered":"<p><img decoding=\"async\" loading=\"lazy\" src=\"http:\/\/registreac.org\/wp-content\/uploads\/2018\/05\/logo-urgences-2018_provisoire.jpg\" alt=\"\" width=\"285\" height=\"227\" class=\"alignnone size-full wp-image-3838\" \/><br \/>\nCette ann\u00e9e encore, l&#8217;\u00e9quipe R\u00e9AC sera pr\u00e9sente au congr\u00e8s Urgences.<br \/>\n<!--more--><\/p>\n<style type='text\/css'>\n.table_urgences {\n\tfont: 2em Verdana,Arial,sans-serif;\n\tfont-size: 3em;\n    border-collapse: separate;\n    border-spacing: 5px 8px; \/* Nombre de pixels d'espace horizontal (5px), vertical (8px) *\/\n\t\/*font: 100% Verdana,Arial,sans-serif;*\/\n}\n.table_urgences td,.paragraphe{\n\tfont-size: 0.3em ;\/*Verdana,Arial,sans-serif;*\/<\/p>\n<p>}\n.date{\n\tcolor:#ffffff;\n\tbackground-color:#000000;\n\tborder-radius: 4px;\n}\n.horaire_salle_ac{\n\tcolor:#ffffff;\n\tbackground-color:#ff8000;\n\tborder-radius: 4px;\n        width:6em;\n}\n.horaire_salle_dt{\n\tcolor:#ffffff;\n\tbackground-color:#43A136;\n\tborder-radius: 4px;\n}\n.titre_poster{\n\tcolor:#AAA;\n\ttext-align:left;\n\tborder-radius: 4px;\n}\n.poster{\n\tbackground-color:#EBEAEA;\n\tborder-radius: 4px;\n\tfont: 0.2em;\n}\n.titre_communication{\n\tbackground-color:#AAA ;\n\tcolor:#ffffff;\n\tborder-radius: 4px;\n}\n.communication{\n\tbackground-color:#FFF4E9;\n\tborder-radius: 4px;\n        margin-left: 6em;\n        text-align:left;\n}\n.etat_art{\n\tbackground-color:#909;\n\tcolor:#ffffff;\n\tborder-radius: 4px;\n}\n.auteur{\n\tfont-style : italic;\n\tfont-size:0.8em;\n}\n.orateur{\n\tcolor:#800000;<\/p>\n<p>}\n.numero{\n\tfont-size:0.8em;\n}\ntr:nth-child(2n) td{\n}\n.ligne{\nborder\n}\n#conteneur\n{\n    display: flex;\nflex-wrap: wrap;\n}\n<\/style>\n<p>Retrouvez ci-dessous le programme de R\u00e9AC lors du congr\u00e8s.<br \/>\n<center><\/p>\n<p><div class=\"element date\">Mercredi 13 juin 2018<\/div>\n<div id=\"conteneur\">\n<div class=\"element horaire_salle_ac\">09h15-10h15<br \/>Salle 253<\/div>\n<div class=\"element titre_poster\">CLM01 &#8211; ACR 01<br \/>Communications Libres M\u00e9decins<br \/>ACR 01<\/div>\n<\/div>\n<div class=\"element communication\">\n<ul>\n<li><span class='numero'>CP004 &#8211; <\/span>Le pronostic de l\u2019arr\u00eat cardiaque traumatique est-il vraiment plus s\u00e9v\u00e8re que celui de l&#8217;arr\u00eat cardiaque m\u00e9dical? Une \u00e9tude nationale sur populations appari\u00e9es.<br \/><span class='auteur'><span class='orateur'>jos\u00e9phine ESCUTNAIRE<\/span><span style=\"color: #777;\"> (Lille), Micha\u00ebl GENIN, Valentine BAERT, Pierre MOLS, Jan-Thorsten GR\u00c4SNER, Steven LAGADEC, Karim TAZAROURTE, Herv\u00e9 HUBERT<\/span><\/span><\/li>\n<\/div>\n<div id=\"conteneur\">\n<div class=\"element horaire_salle_ac\">14h00-15h30<br \/>Salle 242A<\/div>\n<div class=\"element titre_poster\">CLM03<br \/>Communications Libres M\u00e9decins<br \/>ACR 02<\/div>\n<\/div>\n<div class=\"element communication\">\n<ul>\n<li><span class='numero'>CP024 &#8211; <\/span>Faut-il enterrer l\u2019adr\u00e9naline dans la prise en charge de l\u2019arr\u00eat cardiaque extrahospitalier ?<br \/><span class='auteur'><span class='orateur'>Valentine BAERT<\/span><span style=\"color: #777;\"> (Halluin), Jos\u00e9phine ESCUTNAIRE, Christian VILHELM, \u00c9ric WIEL, Pierre-Yves GUEUGNIAUD, Carlos EL KHOURY, Herv\u00e9 HUBERT, GR-R\u00c9AC<\/span><\/span><\/li>\n<\/ul>\n<\/div>\n<p><\/center><br \/>\nCongr\u00e8s Urgences 2018<br \/>\ndu mercredi 13 juin au vendredi 15 juin 2018<br \/>\n&#8212;<br \/>\nPalais des Congr\u00e8s Porte Maillot<br \/>\n2, place de la Porte Maillot<br \/>\n75017 Paris<\/p>\n","protected":false},"excerpt":{"rendered":"<p>Cette ann\u00e9e encore, l&#8217;\u00e9quipe R\u00e9AC sera pr\u00e9sente au congr\u00e8s Urgences.<\/p>\n","protected":false},"author":323,"featured_media":3838,"comment_status":"closed","ping_status":"open","sticky":false,"template":"","format":"standard","meta":{"footnotes":""},"categories":[35,28],"tags":[],"_links":{"self":[{"href":"https:\/\/registreac.org\/index.php?rest_route=\/wp\/v2\/posts\/3837"}],"collection":[{"href":"https:\/\/registreac.org\/index.php?rest_route=\/wp\/v2\/posts"}],"about":[{"href":"https:\/\/registreac.org\/index.php?rest_route=\/wp\/v2\/types\/post"}],"author":[{"embeddable":true,"href":"https:\/\/registreac.org\/index.php?rest_route=\/wp\/v2\/users\/323"}],"replies":[{"embeddable":true,"href":"https:\/\/registreac.org\/index.php?rest_route=%2Fwp%2Fv2%2Fcomments&post=3837"}],"version-history":[{"count":9,"href":"https:\/\/registreac.org\/index.php?rest_route=\/wp\/v2\/posts\/3837\/revisions"}],"predecessor-version":[{"id":3847,"href":"https:\/\/registreac.org\/index.php?rest_route=\/wp\/v2\/posts\/3837\/revisions\/3847"}],"wp:featuredmedia":[{"embeddable":true,"href":"https:\/\/registreac.org\/index.php?rest_route=\/wp\/v2\/media\/3838"}],"wp:attachment":[{"href":"https:\/\/registreac.org\/index.php?rest_route=%2Fwp%2Fv2%2Fmedia&parent=3837"}],"wp:term":[{"taxonomy":"category","embeddable":true,"href":"https:\/\/registreac.org\/index.php?rest_route=%2Fwp%2Fv2%2Fcategories&post=3837"},{"taxonomy":"post_tag","embeddable":true,"href":"https:\/\/registreac.org\/index.php?rest_route=%2Fwp%2Fv2%2Ftags&post=3837"}],"curies":[{"name":"wp","href":"https:\/\/api.w.org\/{rel}","templated":true}]}}